{"id":12086,"date":"2025-02-05T20:31:09","date_gmt":"2025-02-05T20:31:09","guid":{"rendered":"https:\/\/edreamsmitjabarcelona.com\/?p=12086"},"modified":"2025-12-18T10:42:00","modified_gmt":"2025-12-18T09:42:00","slug":"beteve-emitira-en-directo-la-edreams-mitja-marato-barcelona-by-brooks-la-carrera-desde-el-primer-hasta-el-ultimo-atleta","status":"publish","type":"post","link":"https:\/\/www.mitjamarato.barcelona\/es\/2025\/02\/05\/beteve-emitira-en-directo-la-edreams-mitja-marato-barcelona-by-brooks-la-carrera-desde-el-primer-hasta-el-ultimo-atleta\/","title":{"rendered":"betev\u00e9 emitir\u00e1 en directo la eDreams Mitja Marat\u00f3 Barcelona by Brooks: la carrera, desde el primer hasta el \u00faltimo atleta"},"content":{"rendered":"\n<p>El domingo 16 de febrero, <a href=\"https:\/\/beteve.cat\/\" target=\"_blank\" rel=\"noopener\" title=\"\">betev\u00e9<\/a> y La Xarxa+ emitir\u00e1n la prueba en un programa especial en directo desde las 8:15 hasta las 12:45 h.<\/p>\n\n\n\n<p>betev\u00e9 emitir\u00e1 en directo e \u00edntegramente <a href=\"https:\/\/beteve.cat\/esports\/mitja-marato-barcelona-recorregut\/\" target=\"_blank\" rel=\"noopener\" title=\"la eDreams Mitja Marat\u00f3 de Barcelona by Brooks 2025\">la eDreams Mitja Marat\u00f3 de Barcelona by Brooks 2025<\/a>. El domingo 16 de febrero, los medios p\u00fablicos de Barcelona (televisi\u00f3n, radio y digital) retransmitir\u00e1n por cuarto a\u00f1o consecutivo una de las carreras m\u00e1s emblem\u00e1ticas de la ciudad y una de las m\u00e1s prestigiosas a nivel mundial.<\/p>\n\n\n\n<p>El programa especial de la eDreams Mitja Marat\u00f3 de Barcelona by Brooks 2025, producido de manera conjunta entre betev\u00e9 y La Xarxa, comenzar\u00e1 a las 8:15 h y se prolongar\u00e1 hasta las 12:45 h, con la llegada del \u00faltimo participante popular. Este a\u00f1o, las inscripciones en Barcelona han batido un r\u00e9cord con 30.000 dorsales vendidos.<\/p>\n\n\n\n<p>La transmisi\u00f3n en directo de la eDreams Mitja Marat\u00f3 de Barcelona by Brooks se podr\u00e1 seguir en todas las plataformas de betev\u00e9: en la TDT, en el canal 166 de Movistar+, en la web, <a href=\"https:\/\/www.youtube.com\/live\/3i9bi14yumQ\" target=\"_blank\" rel=\"noopener\" title=\"\">en el canal de YouTube de betev\u00e9<\/a> y en la aplicaci\u00f3n para dispositivos m\u00f3viles. Tambi\u00e9n estar\u00e1 disponible en la radio (91.0 FM). Tambi\u00e9n se ver\u00e1 \u00edntegramente en La Xarxa+.<\/p>\n\n\n\n<p><strong>Si corres la  eDreams Mitja Marat\u00f3 de Barcelona by Brooks, b\u00fascate en la redifusi\u00f3n de betev\u00e9<\/strong><br>Si eres uno de los 30.000 participantes de la  eDreams Mitja Marat\u00f3 de Barcelona by Brooks, podr\u00e1s verte en la redifusi\u00f3n de betev\u00e9, y en cualquier momento en el canal de YouTube. A partir de las 15:00 h del mismo domingo 16 de febrero, la reemisi\u00f3n de la carrera estar\u00e1 disponible en la TDT de betev\u00e9, con todo el protagonismo dedicado a los participantes populares. Cuando cruces la meta, busca las c\u00e1maras de betev\u00e9 para contar en directo tu experiencia y mira la entrevista despu\u00e9s en casa. Adem\u00e1s, tambi\u00e9n tendr\u00e1s una p\u00e1gina web donde podr\u00e1s buscarte cruzando la meta.<\/p>\n","protected":false},"excerpt":{"rendered":"<p>El domingo 16 de febrero, betev\u00e9 y La Xarxa+ emitir\u00e1n la prueba en un programa especial en directo desde las 8:15 hasta las 12:45 h. betev\u00e9 emitir\u00e1 en directo e \u00edntegramente la eDreams Mitja Marat\u00f3 de Barcelona by Brooks 2025. El domingo 16 de febrero, los medios p\u00fablicos de Barcelona (televisi\u00f3n, radio y digital) retransmitir\u00e1n [&hellip;]<\/p>\n","protected":false},"author":2,"featured_media":13447,"comment_status":"closed","ping_status":"open","sticky":false,"template":"","format":"standard","meta":{"footnotes":""},"categories":[17],"tags":[19,20,21,22,23,24,25,26],"class_list":["post-12086","post","type-post","status-publish","format-standard","has-post-thumbnail","hentry","category-sin-categorizar","tag-barcelona","tag-bcn","tag-edreams-mitja-marato-barcelona-3","tag-media-maraton","tag-media-maraton-barcelona","tag-mitja","tag-mitja-marato-barcelona","tag-running-3"],"_links":{"self":[{"href":"https:\/\/www.mitjamarato.barcelona\/es\/wp-json\/wp\/v2\/posts\/12086","targetHints":{"allow":["GET"]}}],"collection":[{"href":"https:\/\/www.mitjamarato.barcelona\/es\/wp-json\/wp\/v2\/posts"}],"about":[{"href":"https:\/\/www.mitjamarato.barcelona\/es\/wp-json\/wp\/v2\/types\/post"}],"author":[{"embeddable":true,"href":"https:\/\/www.mitjamarato.barcelona\/es\/wp-json\/wp\/v2\/users\/2"}],"replies":[{"embeddable":true,"href":"https:\/\/www.mitjamarato.barcelona\/es\/wp-json\/wp\/v2\/comments?post=12086"}],"version-history":[{"count":0,"href":"https:\/\/www.mitjamarato.barcelona\/es\/wp-json\/wp\/v2\/posts\/12086\/revisions"}],"wp:featuredmedia":[{"embeddable":true,"href":"https:\/\/www.mitjamarato.barcelona\/es\/wp-json\/wp\/v2\/media\/13447"}],"wp:attachment":[{"href":"https:\/\/www.mitjamarato.barcelona\/es\/wp-json\/wp\/v2\/media?parent=12086"}],"wp:term":[{"taxonomy":"category","embeddable":true,"href":"https:\/\/www.mitjamarato.barcelona\/es\/wp-json\/wp\/v2\/categories?post=12086"},{"taxonomy":"post_tag","embeddable":true,"href":"https:\/\/www.mitjamarato.barcelona\/es\/wp-json\/wp\/v2\/tags?post=12086"}],"curies":[{"name":"wp","href":"https:\/\/api.w.org\/{rel}","templated":true}]}}