{"id":12649,"date":"2025-06-10T11:52:35","date_gmt":"2025-06-10T11:52:35","guid":{"rendered":"https:\/\/mitjabarcelona.com\/?p=12649"},"modified":"2025-06-10T11:52:35","modified_gmt":"2025-06-10T11:52:35","slug":"la-mitja-marato-barcelona-2026-abre-inscripciones","status":"publish","type":"post","link":"https:\/\/www.mitjamarato.barcelona\/es\/2025\/06\/10\/la-mitja-marato-barcelona-2026-abre-inscripciones\/","title":{"rendered":"La Mitja Marat\u00f3 Barcelona 2026 abre inscripciones"},"content":{"rendered":"\n<ul class=\"wp-block-list\">\n<li><strong>La Mitja Marat\u00f3 Barcelona by Brooks<\/strong><strong>\u00a02026 abre inscripciones este martes 10 de junio.\u00a0<\/strong><\/li>\n<\/ul>\n\n\n\n<ul class=\"wp-block-list\">\n<li><strong>Barcelona, escenario de los 21.097 m m\u00e1s r\u00e1pidos de la historia (56:42), volver\u00e1 a vibrar con la media marat\u00f3n m\u00e1s multitudinaria y festiva.<\/strong><\/li>\n<\/ul>\n\n\n\n<p>Barcelona volver\u00e1 a ser capital mundial del running&nbsp;<strong>el 15 de febrero de 2026<\/strong>&nbsp;con una nueva edici\u00f3n de la&nbsp;<a rel=\"noreferrer noopener\" target=\"_blank\" href=\"https:\/\/6jvof.r.bh.d.sendibt3.com\/mk\/cl\/f\/sh\/28xHLtxZQ0KqQgm66jsfAIlfvPUYCMsSTD\/GYHz43QX0pQm\"><strong>Mitja Marat\u00f3 Barcelona by Brooks<\/strong><\/a>, que abre inscripciones este&nbsp;<strong>martes 10 de junio.<\/strong>&nbsp;Y lo hace con un reto may\u00fasculo: superar una edici\u00f3n que ya forma parte de la&nbsp;<strong>historia del atletismo mundial.<\/strong><\/p>\n\n\n\n<p>El pasado 16 de febrero, el atleta ugand\u00e9s&nbsp;<strong>Jacob Kiplimo<\/strong>&nbsp;logr\u00f3 lo que parec\u00eda inalcanzable: vol\u00f3 por las calles de Barcelona y estableci\u00f3&nbsp;<strong>un nuevo r\u00e9cord mundial de medio marat\u00f3n con un tiempo estratosf\u00e9rico de 56:42<\/strong>, rebajando en 48 segundos la anterior plusmarca y convirti\u00e9ndose en el hombre m\u00e1s r\u00e1pido de todos los tiempos en los 21,097 km.<\/p>\n\n\n\n<p>\u201cNo esperaba batir el r\u00e9cord del mundo, pero ha sido la carrera perfecta. Corr\u00ed solo todo el tiempo y me sent\u00ed muy bien\u201d, explic\u00f3 Kiplimo tras liderar en solitario desde el km 2 y cruzar la meta con casi dos minutos de ventaja sobre sus rivales.<\/p>\n\n\n\n<p>El r\u00e9cord mundial de Kiplimo situ\u00f3 definitivamente a&nbsp;<strong>Barcelona en el centro del panorama atl\u00e9tico global.<\/strong>&nbsp;Pero no fue la \u00fanica haza\u00f1a:&nbsp;<strong>Joyciline Jepkosgei<\/strong>tambi\u00e9n estableci\u00f3 un nuevo&nbsp;<strong>r\u00e9cord femenino de la prueba (1:04:11)<\/strong>, mejorando en 18 segundos su propia marca del a\u00f1o anterior.<\/p>\n\n\n\n<p>\u201cMe encanta Barcelona. Es una carrera r\u00e1pida, con muy buen ambiente y un recorrido perfecto. Quiero seguir mejorando a\u00f1o tras a\u00f1o\u201d, declar\u00f3 la bicampeona de la prueba.<\/p>\n\n\n\n<p>La \u00faltima edici\u00f3n reuni\u00f3 a&nbsp;<strong>m\u00e1s de 30.000 participantes<\/strong>&nbsp;(cifra r\u00e9cord), con un&nbsp;<strong>40% de participaci\u00f3n femenina<\/strong>&nbsp;y representaci\u00f3n de&nbsp;<strong>95 nacionalidades.<\/strong>&nbsp;Este a\u00f1o, el reto es superar los m\u00e1s de 30.000 corredores con un recorrido ic\u00f3nico, una atm\u00f3sfera festiva y condiciones ideales para hacer marca. La Mitja Marat\u00f3 Barcelona by Brooks se consolida como&nbsp;<strong>una prueba de referencia mundial<\/strong>, tanto para la \u00e9lite como para los corredores y corredoras populares.<\/p>\n\n\n\n<p>\ud83d\udcc5&nbsp;<strong>Fecha de la carrera<\/strong>: 15 de febrero de 2026<br>\ud83d\uddd3\ufe0f&nbsp;<strong>Inscripciones abiertas a partir del 10 de junio&nbsp;<\/strong><\/p>\n\n\n\n<figure class=\"wp-block-image size-large\"><img fetchpriority=\"high\" decoding=\"async\" width=\"589\" height=\"1024\" src=\"https:\/\/www.mitjamarato.barcelona\/wp-content\/uploads\/2025\/06\/IMG_7632-2-589x1024.jpg\" alt=\"\" class=\"wp-image-12650\" srcset=\"https:\/\/www.mitjamarato.barcelona\/wp-content\/uploads\/2025\/06\/IMG_7632-2-589x1024.jpg 589w, https:\/\/www.mitjamarato.barcelona\/wp-content\/uploads\/2025\/06\/IMG_7632-2-173x300.jpg 173w, https:\/\/www.mitjamarato.barcelona\/wp-content\/uploads\/2025\/06\/IMG_7632-2-768x1334.jpg 768w, https:\/\/www.mitjamarato.barcelona\/wp-content\/uploads\/2025\/06\/IMG_7632-2-884x1536.jpg 884w, https:\/\/www.mitjamarato.barcelona\/wp-content\/uploads\/2025\/06\/IMG_7632-2.jpg 1170w\" sizes=\"(max-width: 589px) 100vw, 589px\" \/><\/figure>\n","protected":false},"excerpt":{"rendered":"<p>Barcelona volver\u00e1 a ser capital mundial del running&nbsp;el 15 de febrero de 2026&nbsp;con una nueva edici\u00f3n de la&nbsp;Mitja Marat\u00f3 Barcelona by Brooks, que abre inscripciones este&nbsp;martes 10 de junio.&nbsp;Y lo hace con un reto may\u00fasculo: superar una edici\u00f3n que ya forma parte de la&nbsp;historia del atletismo mundial. El pasado 16 de febrero, el atleta ugand\u00e9s&nbsp;Jacob [&hellip;]<\/p>\n","protected":false},"author":2,"featured_media":12650,"comment_status":"closed","ping_status":"open","sticky":false,"template":"","format":"standard","meta":{"footnotes":""},"categories":[17],"tags":[],"class_list":["post-12649","post","type-post","status-publish","format-standard","has-post-thumbnail","hentry","category-sin-categorizar"],"_links":{"self":[{"href":"https:\/\/www.mitjamarato.barcelona\/es\/wp-json\/wp\/v2\/posts\/12649","targetHints":{"allow":["GET"]}}],"collection":[{"href":"https:\/\/www.mitjamarato.barcelona\/es\/wp-json\/wp\/v2\/posts"}],"about":[{"href":"https:\/\/www.mitjamarato.barcelona\/es\/wp-json\/wp\/v2\/types\/post"}],"author":[{"embeddable":true,"href":"https:\/\/www.mitjamarato.barcelona\/es\/wp-json\/wp\/v2\/users\/2"}],"replies":[{"embeddable":true,"href":"https:\/\/www.mitjamarato.barcelona\/es\/wp-json\/wp\/v2\/comments?post=12649"}],"version-history":[{"count":0,"href":"https:\/\/www.mitjamarato.barcelona\/es\/wp-json\/wp\/v2\/posts\/12649\/revisions"}],"wp:featuredmedia":[{"embeddable":true,"href":"https:\/\/www.mitjamarato.barcelona\/es\/wp-json\/wp\/v2\/media\/12650"}],"wp:attachment":[{"href":"https:\/\/www.mitjamarato.barcelona\/es\/wp-json\/wp\/v2\/media?parent=12649"}],"wp:term":[{"taxonomy":"category","embeddable":true,"href":"https:\/\/www.mitjamarato.barcelona\/es\/wp-json\/wp\/v2\/categories?post=12649"},{"taxonomy":"post_tag","embeddable":true,"href":"https:\/\/www.mitjamarato.barcelona\/es\/wp-json\/wp\/v2\/tags?post=12649"}],"curies":[{"name":"wp","href":"https:\/\/api.w.org\/{rel}","templated":true}]}}